{"id":91,"date":"2024-07-22T21:09:23","date_gmt":"2024-07-22T21:09:23","guid":{"rendered":"https:\/\/valtereduca.com.br\/?p=91"},"modified":"2024-08-07T21:10:43","modified_gmt":"2024-08-07T21:10:43","slug":"marca-de-r-2-trilhoes-em-impostos","status":"publish","type":"post","link":"https:\/\/valtereduca.com.br\/index.php\/2024\/07\/22\/marca-de-r-2-trilhoes-em-impostos\/","title":{"rendered":"Marca de R$ 2 trilh\u00f5es em impostos."},"content":{"rendered":"\n<p>O Impost\u00f4metro, painel instalado na sede da ACSP &#8211; Associa\u00e7\u00e3o Comercial de S\u00e3o Paulo, no centro hist\u00f3rico da <a href=\"https:\/\/www.facebook.com\/hashtag\/capital?__eep__=6&amp;__cft__[0]=AZXHIGsnkamPTfH5gOu2VQ5G2LSJ1RFMBQpdGDjWmMdfLIC0Sk-rqouCSjRbypaJEeJINd-kSN4ZRj_eSNiZVWKnHm0h-8C1ZdyGG2d1FRNNNJ5_rdya23h_zMigMzdgl1MUcrv0jbmJsw_YwwWZ9zhbis7D7j5OtXfADawiQiALSgMowOE1kLBMho-10-SqvJs6kx34s77Rc5iBTXzYKFvF&amp;__tn__=*NK-R\">#capital<\/a> paulista, atingiu no domingo (21), \u00e0s 8h20, a marca de R$ 2 trilh\u00f5es em <a href=\"https:\/\/www.facebook.com\/hashtag\/impostos?__eep__=6&amp;__cft__[0]=AZXHIGsnkamPTfH5gOu2VQ5G2LSJ1RFMBQpdGDjWmMdfLIC0Sk-rqouCSjRbypaJEeJINd-kSN4ZRj_eSNiZVWKnHm0h-8C1ZdyGG2d1FRNNNJ5_rdya23h_zMigMzdgl1MUcrv0jbmJsw_YwwWZ9zhbis7D7j5OtXfADawiQiALSgMowOE1kLBMho-10-SqvJs6kx34s77Rc5iBTXzYKFvF&amp;__tn__=*NK-R\">#impostos<\/a>. Esse \u00e9 o valor pago pelos contribuintes brasileiros aos governos federal, estadual e municipal desde o in\u00edcio do ano. <\/p>\n\n\n\n<p>Entram na contabilidade impostos, taxas e contribui\u00e7\u00f5es, incluindo as multas, <a href=\"https:\/\/www.facebook.com\/hashtag\/juros?__eep__=6&amp;__cft__[0]=AZXHIGsnkamPTfH5gOu2VQ5G2LSJ1RFMBQpdGDjWmMdfLIC0Sk-rqouCSjRbypaJEeJINd-kSN4ZRj_eSNiZVWKnHm0h-8C1ZdyGG2d1FRNNNJ5_rdya23h_zMigMzdgl1MUcrv0jbmJsw_YwwWZ9zhbis7D7j5OtXfADawiQiALSgMowOE1kLBMho-10-SqvJs6kx34s77Rc5iBTXzYKFvF&amp;__tn__=*NK-R\">#juros<\/a> e a corre\u00e7\u00e3o monet\u00e1ria.<\/p>\n\n\n\n<figure class=\"wp-block-image alignfull size-full\"><img loading=\"lazy\" decoding=\"async\" width=\"526\" height=\"526\" src=\"https:\/\/valtereduca.com.br\/wp-content\/uploads\/2024\/08\/image-1.png\" alt=\"\" class=\"wp-image-92\" srcset=\"https:\/\/valtereduca.com.br\/wp-content\/uploads\/2024\/08\/image-1.png 526w, https:\/\/valtereduca.com.br\/wp-content\/uploads\/2024\/08\/image-1-300x300.png 300w, https:\/\/valtereduca.com.br\/wp-content\/uploads\/2024\/08\/image-1-150x150.png 150w\" sizes=\"auto, (max-width: 526px) 100vw, 526px\" \/><\/figure>\n\n\n\n<p>A arrecada\u00e7\u00e3o est\u00e1 acelerando. No ano passado, igual <a><\/a>montante entrou nos cofres dos governos federal, estaduais e municipais 40 dias mais tarde. ACSP diz que o aquecimento da atividade econ\u00f4mica e a infla\u00e7\u00e3o explicam a maior velocidade da arrecada\u00e7\u00e3o. Informa\u00e7\u00e3o da <a href=\"https:\/\/l.facebook.com\/l.php?u=https%3A%2F%2Fwww.instagram.com%2F_u%2Facsp_oficial%3Ffbclid%3DIwZXh0bgNhZW0CMTAAAR1flJdVbJIrAJOMCkjNDBcA7tXb0vJh4Q1LJog6FrMySCE5jYkLqUQ8lF8_aem_uJ6sEn16go05C0SpP-O8ow&amp;h=AT21lvhc5pW-1UcuAJSpCFyrlZViRxw6nAoy72q_cF4njXd2skqBq_sFzyTqko55F259NNRvmcKkx3u8dBN1dg9j6qGLxr3NG1E5PLXZJapIYk1bIV_67wpSkDgl7khsAqvQ4vYontdwJoTLUY6Z&amp;__tn__=-UK-R&amp;c[0]=AT0KsJDFRj_Hy4Z-avUuKjFIT5OH90yrbC3FObHoRw3mXccWpOYzSiNucRuRsaGtTK7AqzOhQEwZyQA5GOF02c0BuwG2QJZjrKVoNxJ33I__JpWevF4tondC1hjv57onZ2ozCkYbdelfn3ii_kaXsqTqgIvhJtEMtULZ34F5nVvV_ocabAiKUZzoHlKyj-fzsNVHHNUaEu9WgADzxksGyr35tvfmKCvOPjq0\" rel=\"noreferrer noopener\" target=\"_blank\">@acsp_oficial<\/a><a href=\"https:\/\/l.facebook.com\/l.php?u=https%3A%2F%2Fwww.instagram.com%2F_u%2Fdiariodocomercio%3Ffbclid%3DIwZXh0bgNhZW0CMTAAAR1lnucr3zsSvKDbRiES4-vfqvcQF2xFuTVTZwsj7Dg9jBrgndZFrnFScJs_aem_GIXld__S2P46URZrx_f-Uw&amp;h=AT31K9_zogQuMLb6iciWQ25Du1Oc4lQ5e9G0_m3AU9gqvSObkspdDWNt2SOPFDnuiYeBvclX6v9jgFGhydUNhTAl77x2dlx8mcLHFKyZV2T0VMIr2Sn-p2vp7Nv7RW7ytQIgP_IdwdrG5GoCiCLe&amp;__tn__=-UK-R&amp;c[0]=AT0KsJDFRj_Hy4Z-avUuKjFIT5OH90yrbC3FObHoRw3mXccWpOYzSiNucRuRsaGtTK7AqzOhQEwZyQA5GOF02c0BuwG2QJZjrKVoNxJ33I__JpWevF4tondC1hjv57onZ2ozCkYbdelfn3ii_kaXsqTqgIvhJtEMtULZ34F5nVvV_ocabAiKUZzoHlKyj-fzsNVHHNUaEu9WgADzxksGyr35tvfmKCvOPjq0\" rel=\"noreferrer noopener\" target=\"_blank\">@diariodocomercio<\/a> Voc\u00ea acha justo?<\/p>\n","protected":false},"excerpt":{"rendered":"<p>O Impost\u00f4metro, painel instalado na sede da ACSP &#8211; Associa\u00e7\u00e3o Comercial de S\u00e3o Paulo, no centro hist\u00f3rico da #capital paulista, atingiu no domingo (21), \u00e0s 8h20, a marca de R$ 2 trilh\u00f5es em #impostos. Esse \u00e9 o valor pago pelos contribuintes brasileiros aos governos federal, estadual e municipal desde o in\u00edcio do ano. Entram na&#8230;<\/p>\n","protected":false},"author":1,"featured_media":0,"comment_status":"open","ping_status":"open","sticky":false,"template":"","format":"standard","meta":{"footnotes":""},"categories":[5],"tags":[],"class_list":["post-91","post","type-post","status-publish","format-standard","hentry","category-educacao-financeira"],"_links":{"self":[{"href":"https:\/\/valtereduca.com.br\/index.php\/wp-json\/wp\/v2\/posts\/91","targetHints":{"allow":["GET"]}}],"collection":[{"href":"https:\/\/valtereduca.com.br\/index.php\/wp-json\/wp\/v2\/posts"}],"about":[{"href":"https:\/\/valtereduca.com.br\/index.php\/wp-json\/wp\/v2\/types\/post"}],"author":[{"embeddable":true,"href":"https:\/\/valtereduca.com.br\/index.php\/wp-json\/wp\/v2\/users\/1"}],"replies":[{"embeddable":true,"href":"https:\/\/valtereduca.com.br\/index.php\/wp-json\/wp\/v2\/comments?post=91"}],"version-history":[{"count":1,"href":"https:\/\/valtereduca.com.br\/index.php\/wp-json\/wp\/v2\/posts\/91\/revisions"}],"predecessor-version":[{"id":93,"href":"https:\/\/valtereduca.com.br\/index.php\/wp-json\/wp\/v2\/posts\/91\/revisions\/93"}],"wp:attachment":[{"href":"https:\/\/valtereduca.com.br\/index.php\/wp-json\/wp\/v2\/media?parent=91"}],"wp:term":[{"taxonomy":"category","embeddable":true,"href":"https:\/\/valtereduca.com.br\/index.php\/wp-json\/wp\/v2\/categories?post=91"},{"taxonomy":"post_tag","embeddable":true,"href":"https:\/\/valtereduca.com.br\/index.php\/wp-json\/wp\/v2\/tags?post=91"}],"curies":[{"name":"wp","href":"https:\/\/api.w.org\/{rel}","templated":true}]}}